{"id":1032,"date":"2022-02-14T18:05:04","date_gmt":"2022-02-14T16:05:04","guid":{"rendered":"https:\/\/www.scriba-schreiber.de\/?p=1032"},"modified":"2022-02-14T18:05:04","modified_gmt":"2022-02-14T16:05:04","slug":"einladung-zum-familientag-2022","status":"publish","type":"post","link":"https:\/\/www.scriba-schreiber.de\/?p=1032","title":{"rendered":"Einladung zum Familientag 2022"},"content":{"rendered":"\n<p>Doodle-Umfrage<\/p>\n\n\n\n<p>Liebe Scribas,<\/p>\n\n\n\n<p>wir freuen uns in diesem Jahr endlich einen Familientag veranstalten zu k\u00f6nnen.<\/p>\n\n\n\n<p>Um zu wissen an welchem Wochenende wir mit den meisten Teilnehmen rechnen k\u00f6nnen,haben wir uns f\u00fcr eine Doodle Umfrage entschieden.<\/p>\n\n\n\n<p>Zur Auswahl stehen die Wochenenden 17. \/18. September 2022 bzw. 24. \/25. September 2022<\/p>\n\n\n\n<p>Also, hier der Doodle-Link:  <a rel=\"noreferrer noopener\" href=\"https:\/\/doodle.com\/meeting\/participate\/id\/7e5WgYKb?fbclid=IwAR1J1JjXLIdIi55mpivby0pYF8FuRj5cpHw3fYt3JJ0RMnkS6xt__JFf9g0\" target=\"_blank\">https:\/\/doodle.com\/meeting\/participate\/id\/7e5WgYKb<\/a><\/p>\n\n\n\n<p>Tragt bitte bis zum 27.2.2022 ein welches Wochenende f\u00fcr Dich \/ Euch passender w\u00e4re.<\/p>\n\n\n\n<p>Der Familientag soll auf der Halbinsel Scheid.<\/p>\n\n\n\n<figure class=\"wp-block-image size-full is-style-default\"><img loading=\"lazy\" decoding=\"async\" width=\"176\" height=\"170\" src=\"https:\/\/www.scriba-schreiber.de\/wp-content\/uploads\/Halbinsel-Scheid-Edersee.jpg\" alt=\"\" class=\"wp-image-1033\" \/><\/figure>\n\n\n\n<p>Sie befindet sich in der Gemarkung von Nieder-Werbe, einem Ortsteil der Stadt Waldeck im nordhessischen Landkreis Waldeck-Frankenberg, etwa 2,5 km s\u00fcdlich des Kernorts von Nieder-Werbe, von wo die einzige Stra\u00dfenverbindung auf die Scheid besteht.<\/p>\n\n\n\n<p>Dort wurde im letzten Jahr ein neues Zentrum der \u201eKirche unterwegs\u201c fertiggestellt, welches perfekt f\u00fcr einen geeignet Familientag ist.Entstanden ist ein pr\u00e4gnantes Geb\u00e4udeensemble, das sich sensibel in die Topografie der Landzunge einf\u00fcgt und differenziert gestaltete Freir\u00e4ume auf dem h\u00e4ngigen Gel\u00e4nde schafft.<\/p>\n\n\n\n<figure class=\"wp-block-image size-large is-style-default\"><img loading=\"lazy\" decoding=\"async\" width=\"768\" height=\"1024\" src=\"https:\/\/www.scriba-schreiber.de\/wp-content\/uploads\/20210716_115250_resized_1-768x1024.jpg\" alt=\"\" class=\"wp-image-1037\" srcset=\"https:\/\/www.scriba-schreiber.de\/wp-content\/uploads\/20210716_115250_resized_1-768x1024.jpg 768w, https:\/\/www.scriba-schreiber.de\/wp-content\/uploads\/20210716_115250_resized_1-225x300.jpg 225w, https:\/\/www.scriba-schreiber.de\/wp-content\/uploads\/20210716_115250_resized_1-1152x1536.jpg 1152w, https:\/\/www.scriba-schreiber.de\/wp-content\/uploads\/20210716_115250_resized_1-624x832.jpg 624w, https:\/\/www.scriba-schreiber.de\/wp-content\/uploads\/20210716_115250_resized_1.jpg 1512w\" sizes=\"auto, (max-width: 768px) 100vw, 768px\" \/><\/figure>\n\n\n\n<p><\/p>\n\n\n\n<figure class=\"wp-block-image size-full is-style-default\"><img loading=\"lazy\" decoding=\"async\" width=\"780\" height=\"520\" src=\"https:\/\/www.scriba-schreiber.de\/wp-content\/uploads\/aktuell_210716_kunterwegs03_rdax_780x520_100.jpg\" alt=\"\" class=\"wp-image-1034\" srcset=\"https:\/\/www.scriba-schreiber.de\/wp-content\/uploads\/aktuell_210716_kunterwegs03_rdax_780x520_100.jpg 780w, https:\/\/www.scriba-schreiber.de\/wp-content\/uploads\/aktuell_210716_kunterwegs03_rdax_780x520_100-300x200.jpg 300w, https:\/\/www.scriba-schreiber.de\/wp-content\/uploads\/aktuell_210716_kunterwegs03_rdax_780x520_100-768x512.jpg 768w, https:\/\/www.scriba-schreiber.de\/wp-content\/uploads\/aktuell_210716_kunterwegs03_rdax_780x520_100-624x416.jpg 624w\" sizes=\"auto, (max-width: 780px) 100vw, 780px\" \/><figcaption>Die neue Kirche am Edersee f\u00fcr Kirche unterwegs: Abschied \u201ealte Kirche im Gr\u00fcnen\u201c in Waldeck-Scheid  und Willkommen \u201eneue Kirche im Gr\u00fcnen\u201c Scheid am 11. juli 2021 in Waldeck \/ Hessen \/ deutschland<\/figcaption><\/figure>\n\n\n\n<p>Der Satteldachbau mit offener Dachkonstruktion bietet Raum f\u00fcr Gottesdienste und kann auch als Tagungs- und Veranstaltungsraum genutzt werden. Die Seitenw\u00e4nde k\u00f6nnen ge\u00f6ffnet werden. Ein zweites Geb\u00e4ude beherbergt Apartments f\u00fcr Mitarbeitende und G\u00e4ste sowie die \u00abCaf\u00e9drale\u00bb als zentralen Begegnungsort. Beide Geb\u00e4udeteile werden \u00fcber ein offenes Vordach verbunden.<\/p>\n\n\n\n<figure class=\"wp-block-image size-large is-style-default\"><img loading=\"lazy\" decoding=\"async\" width=\"1024\" height=\"768\" src=\"https:\/\/www.scriba-schreiber.de\/wp-content\/uploads\/IMG-20210815-WA0010-1024x768.jpg\" alt=\"\" class=\"wp-image-1035\" srcset=\"https:\/\/www.scriba-schreiber.de\/wp-content\/uploads\/IMG-20210815-WA0010-1024x768.jpg 1024w, https:\/\/www.scriba-schreiber.de\/wp-content\/uploads\/IMG-20210815-WA0010-300x225.jpg 300w, https:\/\/www.scriba-schreiber.de\/wp-content\/uploads\/IMG-20210815-WA0010-768x576.jpg 768w, https:\/\/www.scriba-schreiber.de\/wp-content\/uploads\/IMG-20210815-WA0010-1536x1152.jpg 1536w, https:\/\/www.scriba-schreiber.de\/wp-content\/uploads\/IMG-20210815-WA0010-624x468.jpg 624w, https:\/\/www.scriba-schreiber.de\/wp-content\/uploads\/IMG-20210815-WA0010.jpg 1600w\" sizes=\"auto, (max-width: 1024px) 100vw, 1024px\" \/><\/figure>\n\n\n\n<p>Hier gibt es ganz viele M\u00f6glichkeiten eine sch\u00f6ne gemeinsame Zeit zu verbringen, besonders f\u00fcr Familien mit Kindern bietet der Edersee einiges wie z.B. einen Kletterpark, Tierpark, Urwaldpfad etc.<\/p>\n\n\n\n<p>Wir freuen uns auf Euch!<\/p>\n\n\n\n<p><\/p>\n","protected":false},"excerpt":{"rendered":"<p>Doodle-Umfrage Liebe Scribas, wir freuen uns in diesem Jahr endlich einen Familientag veranstalten zu k\u00f6nnen. Um zu wissen an welchem Wochenende wir mit den meisten Teilnehmen rechnen k\u00f6nnen,haben wir uns f\u00fcr eine Doodle Umfrage entschieden. Zur Auswahl stehen die Wochenenden 17. \/18. September 2022 bzw. 24. \/25. September 2022 Also, hier der Doodle-Link: https:\/\/doodle.com\/meeting\/participate\/id\/7e5WgYKb Tragt [&hellip;]<\/p>\n","protected":false},"author":4,"featured_media":0,"comment_status":"closed","ping_status":"closed","sticky":false,"template":"","format":"standard","meta":{"footnotes":""},"categories":[1],"tags":[],"class_list":["post-1032","post","type-post","status-publish","format-standard","hentry","category-allgemein"],"_links":{"self":[{"href":"https:\/\/www.scriba-schreiber.de\/index.php?rest_route=\/wp\/v2\/posts\/1032","targetHints":{"allow":["GET"]}}],"collection":[{"href":"https:\/\/www.scriba-schreiber.de\/index.php?rest_route=\/wp\/v2\/posts"}],"about":[{"href":"https:\/\/www.scriba-schreiber.de\/index.php?rest_route=\/wp\/v2\/types\/post"}],"author":[{"embeddable":true,"href":"https:\/\/www.scriba-schreiber.de\/index.php?rest_route=\/wp\/v2\/users\/4"}],"replies":[{"embeddable":true,"href":"https:\/\/www.scriba-schreiber.de\/index.php?rest_route=%2Fwp%2Fv2%2Fcomments&post=1032"}],"version-history":[{"count":2,"href":"https:\/\/www.scriba-schreiber.de\/index.php?rest_route=\/wp\/v2\/posts\/1032\/revisions"}],"predecessor-version":[{"id":1038,"href":"https:\/\/www.scriba-schreiber.de\/index.php?rest_route=\/wp\/v2\/posts\/1032\/revisions\/1038"}],"wp:attachment":[{"href":"https:\/\/www.scriba-schreiber.de\/index.php?rest_route=%2Fwp%2Fv2%2Fmedia&parent=1032"}],"wp:term":[{"taxonomy":"category","embeddable":true,"href":"https:\/\/www.scriba-schreiber.de\/index.php?rest_route=%2Fwp%2Fv2%2Fcategories&post=1032"},{"taxonomy":"post_tag","embeddable":true,"href":"https:\/\/www.scriba-schreiber.de\/index.php?rest_route=%2Fwp%2Fv2%2Ftags&post=1032"}],"curies":[{"name":"wp","href":"https:\/\/api.w.org\/{rel}","templated":true}]}}