{"id":709,"date":"2017-03-19T14:55:26","date_gmt":"2017-03-19T12:55:26","guid":{"rendered":"http:\/\/www.scriba-schreiber.de\/?p=709"},"modified":"2017-03-22T17:53:11","modified_gmt":"2017-03-22T15:53:11","slug":"denk-mal-an-eduard-scriba-d-10-017-020-zum-180-geburtstag","status":"publish","type":"post","link":"https:\/\/www.scriba-schreiber.de\/?p=709","title":{"rendered":"DENK MAL an Eduard Scriba D 10.017.020 nach 180 Jahren"},"content":{"rendered":"<p><img loading=\"lazy\" decoding=\"async\" class=\"alignnone size-medium wp-image-711\" src=\"https:\/\/www.scriba-schreiber.de\/wp-content\/uploads\/2017\/03\/Bild-1-Eduard-oval-243x300.png\" alt=\"\" width=\"243\" height=\"300\" srcset=\"https:\/\/www.scriba-schreiber.de\/wp-content\/uploads\/2017\/03\/Bild-1-Eduard-oval-243x300.png 243w, https:\/\/www.scriba-schreiber.de\/wp-content\/uploads\/2017\/03\/Bild-1-Eduard-oval.png 332w\" sizes=\"auto, (max-width: 243px) 100vw, 243px\" \/><\/p>\n<p>22.3.1808 &#8211; 4.1.1837, Student \u201eSchwick\u201c in Gie\u00dfen, 2 x relegiert, Vorm\u00e4rz-Revolution\u00e4r, 1833 Wachenst\u00fcrmer in Frankfurt,<br \/>\nFl\u00fcchtling und Lehrer in der Schweiz, dort aktiv in den Geheimb\u00fcnden \u201eJunges Deutschland\u201c und \u201eJunges Europa\u201c,<br \/>\nK\u00e4mpfer f\u00fcr \u201eFreiheit, Gleichheit, Humanit\u00e4t\u201c.<\/p>\n<p>Ausgewiesen aus der Schweiz,<br \/>\nmit seinem 10 Jahre j\u00fcngeren Bruder Ferdinand Scriba (1818-1900)<br \/>\nauf Gefangenentransport in Gendarmenbegleitung quer durch Frankreich, in London an Blattern (Pocken) erkrankt,<br \/>\nin Liverpool am 4.1.1837 daran gestorben<br \/>\n(FEDERFLUG 6: Ferdinands Frankreich- und Liverpool-Tagebuch). <a href=\"https:\/\/www.scriba-schreiber.de\/wp-content\/uploads\/2017\/03\/Bild-2-Junger-Ferdinand.png\"><img loading=\"lazy\" decoding=\"async\" class=\"alignnone size-medium wp-image-712\" src=\"https:\/\/www.scriba-schreiber.de\/wp-content\/uploads\/2017\/03\/Bild-2-Junger-Ferdinand-210x300.png\" alt=\"\" width=\"210\" height=\"300\" srcset=\"https:\/\/www.scriba-schreiber.de\/wp-content\/uploads\/2017\/03\/Bild-2-Junger-Ferdinand-210x300.png 210w, https:\/\/www.scriba-schreiber.de\/wp-content\/uploads\/2017\/03\/Bild-2-Junger-Ferdinand.png 307w\" sizes=\"auto, (max-width: 210px) 100vw, 210px\" \/><\/a><\/p>\n<p>DENKMAL f\u00fcr Eduard Scriba im Jahre 2017:<br \/>\nJetzt als Freund von Georg B\u00fcchners Freunden im Georg-B\u00fcchner-Portal http:\/\/buechnerportal.de\/dokumente\/personen\/georg-friedrich-jakob-eduard-scriba\/.<br \/>\n<a href=\"https:\/\/www.scriba-schreiber.de\/wp-content\/uploads\/2017\/03\/Bild-3-Georg-B\u00fcchner.jpeg\"><img loading=\"lazy\" decoding=\"async\" class=\"alignnone size-medium wp-image-713\" src=\"https:\/\/www.scriba-schreiber.de\/wp-content\/uploads\/2017\/03\/Bild-3-Georg-B\u00fcchner.jpeg\" alt=\"\" width=\"187\" height=\"270\" \/><\/a><\/p>\n<p>Und noch ein DENKMAL f\u00fcr Eduard Scriba im Jahre 2017:<br \/>\nab Nov.\/Dez. 2017 als FEDERFLUG 23: Dokumentation \u00fcber Eduard und Ferdinand Scriba im Familienbund-Scriba-Schreiber-Shop \u00a0www.scriba-schreiber.de zum Druckkosten-Preis bestellbar.<\/p>\n<p><a href=\"https:\/\/www.scriba-schreiber.de\/wp-content\/uploads\/2017\/03\/Bild-4-Titel-Federflug-23.png\"><img loading=\"lazy\" decoding=\"async\" class=\"alignnone size-medium wp-image-714\" src=\"https:\/\/www.scriba-schreiber.de\/wp-content\/uploads\/2017\/03\/Bild-4-Titel-Federflug-23-212x300.png\" alt=\"\" width=\"212\" height=\"300\" srcset=\"https:\/\/www.scriba-schreiber.de\/wp-content\/uploads\/2017\/03\/Bild-4-Titel-Federflug-23-212x300.png 212w, https:\/\/www.scriba-schreiber.de\/wp-content\/uploads\/2017\/03\/Bild-4-Titel-Federflug-23.png 294w\" sizes=\"auto, (max-width: 212px) 100vw, 212px\" \/><\/a><\/p>\n<p>Regine C\u00f6ster-Bondick, M\u00e4rz 2017<\/p>","protected":false},"excerpt":{"rendered":"<p>22.3.1808 &#8211; 4.1.1837, Student \u201eSchwick\u201c in Gie\u00dfen, 2 x relegiert, Vorm\u00e4rz-Revolution\u00e4r, 1833 Wachenst\u00fcrmer in Frankfurt, Fl\u00fcchtling und Lehrer in der Schweiz, dort aktiv in den Geheimb\u00fcnden \u201eJunges Deutschland\u201c und \u201eJunges Europa\u201c, K\u00e4mpfer f\u00fcr \u201eFreiheit, Gleichheit, Humanit\u00e4t\u201c. Ausgewiesen aus der Schweiz, mit seinem 10 Jahre j\u00fcngeren Bruder Ferdinand Scriba (1818-1900) auf Gefangenentransport in Gendarmenbegleitung quer durch [&hellip;]<\/p>\n","protected":false},"author":4,"featured_media":0,"comment_status":"closed","ping_status":"closed","sticky":false,"template":"","format":"standard","meta":{"footnotes":""},"categories":[1],"tags":[],"class_list":["post-709","post","type-post","status-publish","format-standard","hentry","category-allgemein"],"_links":{"self":[{"href":"https:\/\/www.scriba-schreiber.de\/index.php?rest_route=\/wp\/v2\/posts\/709","targetHints":{"allow":["GET"]}}],"collection":[{"href":"https:\/\/www.scriba-schreiber.de\/index.php?rest_route=\/wp\/v2\/posts"}],"about":[{"href":"https:\/\/www.scriba-schreiber.de\/index.php?rest_route=\/wp\/v2\/types\/post"}],"author":[{"embeddable":true,"href":"https:\/\/www.scriba-schreiber.de\/index.php?rest_route=\/wp\/v2\/users\/4"}],"replies":[{"embeddable":true,"href":"https:\/\/www.scriba-schreiber.de\/index.php?rest_route=%2Fwp%2Fv2%2Fcomments&post=709"}],"version-history":[{"count":22,"href":"https:\/\/www.scriba-schreiber.de\/index.php?rest_route=\/wp\/v2\/posts\/709\/revisions"}],"predecessor-version":[{"id":740,"href":"https:\/\/www.scriba-schreiber.de\/index.php?rest_route=\/wp\/v2\/posts\/709\/revisions\/740"}],"wp:attachment":[{"href":"https:\/\/www.scriba-schreiber.de\/index.php?rest_route=%2Fwp%2Fv2%2Fmedia&parent=709"}],"wp:term":[{"taxonomy":"category","embeddable":true,"href":"https:\/\/www.scriba-schreiber.de\/index.php?rest_route=%2Fwp%2Fv2%2Fcategories&post=709"},{"taxonomy":"post_tag","embeddable":true,"href":"https:\/\/www.scriba-schreiber.de\/index.php?rest_route=%2Fwp%2Fv2%2Ftags&post=709"}],"curies":[{"name":"wp","href":"https:\/\/api.w.org\/{rel}","templated":true}]}}