{"id":744,"date":"2017-10-10T09:27:28","date_gmt":"2017-10-10T07:27:28","guid":{"rendered":"http:\/\/www.scriba-schreiber.de\/?p=744"},"modified":"2017-11-09T08:34:27","modified_gmt":"2017-11-09T06:34:27","slug":"vormaerz-revolutionaer-eduard-scriba-federflug-23-bald-erhaeltlich","status":"publish","type":"post","link":"https:\/\/www.scriba-schreiber.de\/?p=744","title":{"rendered":"Vorm\u00e4rz Revolution\u00e4r Eduard Scriba &#8211; Federflug 23 jetzt erh\u00e4ltlich (im Shop)"},"content":{"rendered":"<p>&nbsp;<\/p>\n<table style=\"height: 6531px\" width=\"625\">\n<tbody>\n<tr>\n<td width=\"104\"><\/td>\n<td width=\"579\">\n<p style=\"text-align: center\"><img loading=\"lazy\" decoding=\"async\" class=\"alignleft\" style=\"font-family: inherit;font-size: inherit;text-align: left\" src=\"https:\/\/www.scriba-schreiber.de\/wp-content\/uploads\/2017\/10\/Eduard-245x300.png\" width=\"72\" height=\"88\" \/><strong>Ausstellung von Fundst\u00fccken<\/strong>\u00a0 \u00a0 \u00a0 \u00a0 \u00a0<strong><a href=\"https:\/\/www.scriba-schreiber.de\/wp-content\/uploads\/2016\/04\/Bild-Ferdinand.png\"><img loading=\"lazy\" decoding=\"async\" class=\"wp-image-646 alignright\" src=\"https:\/\/www.scriba-schreiber.de\/wp-content\/uploads\/2016\/04\/Bild-Ferdinand-244x300.png\" alt=\"\" width=\"71\" height=\"88\" srcset=\"https:\/\/www.scriba-schreiber.de\/wp-content\/uploads\/2016\/04\/Bild-Ferdinand-244x300.png 244w, https:\/\/www.scriba-schreiber.de\/wp-content\/uploads\/2016\/04\/Bild-Ferdinand-768x944.png 768w, https:\/\/www.scriba-schreiber.de\/wp-content\/uploads\/2016\/04\/Bild-Ferdinand-833x1024.png 833w, https:\/\/www.scriba-schreiber.de\/wp-content\/uploads\/2016\/04\/Bild-Ferdinand-624x767.png 624w, https:\/\/www.scriba-schreiber.de\/wp-content\/uploads\/2016\/04\/Bild-Ferdinand.png 1428w\" sizes=\"auto, (max-width: 71px) 100vw, 71px\" \/><\/a><\/strong><\/p>\n<p><strong>zu Eduard und Ferdinand Scriba (D-Linie)<\/strong><\/p>\n<p>&nbsp;<\/p>\n<p>\u00dcber Eduard Scriba, 1808 geboren, leider schon 1837 in Liverpool an Blattern gestorben, und seinen 10 Jahre j\u00fcngeren Bruder Ferdinand Scriba (D-Linie), gibt es jetzt eine Dokumentation: Ausstellung von Fundst\u00fccken A (199 Seiten), kombiniert mit biographischen Texten und Selbstzeugnissen: Ausstellung von Fundst\u00fccken B (102 Seiten):<strong>\u00a0<\/strong><\/p>\n<p><a href=\"https:\/\/www.scriba-schreiber.de\/wp-content\/uploads\/2017\/10\/FB-329-Titel-A-Dokumentation-1.png\"><img loading=\"lazy\" decoding=\"async\" class=\"alignnone size-medium wp-image-770\" src=\"https:\/\/www.scriba-schreiber.de\/wp-content\/uploads\/2017\/10\/FB-329-Titel-A-Dokumentation-1-208x300.png\" alt=\"\" width=\"208\" height=\"300\" srcset=\"https:\/\/www.scriba-schreiber.de\/wp-content\/uploads\/2017\/10\/FB-329-Titel-A-Dokumentation-1-208x300.png 208w, https:\/\/www.scriba-schreiber.de\/wp-content\/uploads\/2017\/10\/FB-329-Titel-A-Dokumentation-1.png 288w\" sizes=\"auto, (max-width: 208px) 100vw, 208px\" \/><\/a><a href=\"https:\/\/www.scriba-schreiber.de\/wp-content\/uploads\/2017\/10\/FB-329-Titel-B-Biographien-Selbstzeugnisse-1.png\"><img loading=\"lazy\" decoding=\"async\" class=\"alignnone size-medium wp-image-771\" src=\"https:\/\/www.scriba-schreiber.de\/wp-content\/uploads\/2017\/10\/FB-329-Titel-B-Biographien-Selbstzeugnisse-1-209x300.png\" alt=\"\" width=\"209\" height=\"300\" srcset=\"https:\/\/www.scriba-schreiber.de\/wp-content\/uploads\/2017\/10\/FB-329-Titel-B-Biographien-Selbstzeugnisse-1-209x300.png 209w, https:\/\/www.scriba-schreiber.de\/wp-content\/uploads\/2017\/10\/FB-329-Titel-B-Biographien-Selbstzeugnisse-1.png 289w\" sizes=\"auto, (max-width: 209px) 100vw, 209px\" \/><\/a><\/p>\n<table style=\"height: 334px\" width=\"461\">\n<tbody>\n<tr class=\"alignnone\">\n<td width=\"178\"><\/td>\n<td width=\"422\">\n<p style=\"text-align: center\"><strong>Ausstellung von Fundst\u00fccken<\/strong><\/p>\n<p style=\"text-align: center\"><strong>Vorm\u00e4rz-Revolution\u00e4r Eduard Scriba, <\/strong><\/p>\n<p style=\"text-align: center\"><strong>Decknamen \u201eSchwick\u201c, \u201eSch\u00fctz\u201c, \u201eSator\u201c und \u201ePirat\u201c,<\/strong><strong>und sein \u201ekleiner\u201c Bruder\u00a0<\/strong><strong style=\"font-family: inherit;font-size: inherit\">Ferdinand Scriba, Pfarrer<\/strong><strong>\u00a0 \u00a0 \u00a0 \u00a0 \u00a0 \u00a0 \u00a0 \u00a0 FEDERFLUG 23<\/strong><\/p>\n<p>&nbsp;<\/td>\n<td width=\"177\"><\/td>\n<\/tr>\n<\/tbody>\n<\/table>\n<p>Recherchiert und zusammengestellt von Regine C\u00f6ster-Bondick;\u00a0 \u00a0 \u00a0 \u00a0 \u00a0 \u00a0 \u00a0 \u00a0 \u00a0 \u00a0 \u00a0 \u00a0 \u00a0 \u00a0 <strong>Familienbund-Scriba\/Schreiber-Shop<\/strong> <a href=\"http:\/\/shop.scriba-schreiber.de\/\">http:\/\/shop.scriba-schreiber.de<\/a><\/p>\n<p>ab November 2017 zum Druckkosten-Preis bestellbar.<br \/>\n<strong>Aktualit\u00e4t des europ\u00e4ischen Gedankens<\/strong><\/p>\n<p><span style=\"font-family: inherit;font-size: inherit\">Der Vorm\u00e4rz-Revolution\u00e4r Eduard Scriba, Teilnehmer am Hambacher Fest, am Frankfurter Wachensturm, sp\u00e4terer Pr\u00e4sident des Jungen Deutschland in der Schweiz, schrieb 1835: \u201eOhne diese Ausdehnung unsrer europ\u00e4ischen Verbindung &#8211; ohne Mitwirkung der Patrioten a l l e r Nationen \u2013 ohne Freiheit a l l e r europ\u00e4ischen V\u00f6lker wird die Freiheit der e i n z e l n e n entweder nicht m\u00f6glich, oder doch immer gef\u00e4hrdet seyn!\u201c Das klingt auch heute noch sehr aktuell, wenn man sich gegenw\u00e4rtige Probleme der Europ\u00e4ischen Union vor Augen f\u00fchrt. Die heutigen L\u00f6sungsans\u00e4tze bauen also auf Entw\u00fcrfen auf, die in unserer Familie vor 182 Jahren schon gedacht wurden.<\/span><\/p>\n<p>Wie aktuell der europ\u00e4ische Gedanke im Jahre 2017 ist, l\u00e4sst sich bei Ulrike Gu\u00e9rot im SPIEGEL-Artikel \u201eEs lebe die europ\u00e4ische Republik!\u201c (DER SPIEGEL 18\/2017, S. 128\/129) nachlesen:<\/p>\n<p>\u201eDie europ\u00e4ische Aufgabe von heute ist es, den Sprung raus aus der nationalen Spur ein f\u00fcr alle Mal zu schaffen, den Nationalstaat als bisher einzige Gussform f\u00fcr Demokratie und Sozialstaatlichkeit zu sprengen. Wenn uns das gelingt, kann auch die Neugr\u00fcndung Europas gelingen. Nie waren wir so nah dran.<\/p>\n<p>Der Philosoph Johann Gottlieb Fichte zielte vor rund 200 Jahren darauf, den Impuls von Libert\u00e9, \u00c9galit\u00e9, Fraternit\u00e9 auf das deutsche Einheitsstreben zu \u00fcbertragen. Seine Reden initiieren einen nationalen Aufbruch, der sp\u00e4testens mit dem Hambacher Fest 1832 zu einer emanzipatorischen Bewegung wurde, und zwar von unten, getrieben von den B\u00fcrgern Deutschlands. Gesucht wird heute ein europ\u00e4isches Hambach, das in einen europ\u00e4ischen Vorm\u00e4rz m\u00fcndet \u2013 als Aufbegehren gegen Kleinstaaterei und Reaktion!<\/p>\n<p>Wie damals geht es um b\u00fcrgerliche Opposition gegen die Restauration, um Einheit, Freiheit und Volkssouver\u00e4nit\u00e4t. Es geht um nichts Geringeres als darum, den europ\u00e4ischen Geist buchst\u00e4blich zu verfassen und nicht wieder national abzubiegen. Es geht um ein neues, ein richtiges Europa: ein Markt, eine W\u00e4hrung, eine Demokratie.\u201c<\/p>\n<p><strong>\u00a0<\/strong><\/p>\n<p><strong>Vorstellung von Eduard Scriba zu Beginn der Dokumentation<\/strong><\/p>\n<p>Die Dokumentation \u00fcber meinen Ururgro\u00dfonkel Eduard Scriba, genannt Schwick, Sch\u00fctz, Pirat, Sator, und seinen zehn Jahre j\u00fcngeren Bruder Ferdinand, meinen Altvater (Ururgro\u00dfvater), beginnt wie die Biographie seines Zeitgenossen \u201eGeorg B\u00fcchner\u201c (von Hermann Kurzke) \u2013 mit einem Steckbrief. Wie Georg B\u00fcchner war auch Eduard Scriba ein steckbrieflich Gesuchter. Beide hatten in Gie\u00dfen studiert. Beide waren in die revolution\u00e4ren Vorm\u00e4rz-Ereignisse verwickelt. Beide mussten in die Schweiz fliehen. Beide starben 1837.<\/p>\n<p><a href=\"https:\/\/www.scriba-schreiber.de\/wp-content\/uploads\/2017\/10\/Tabelarischer-Lebenslauf-Eduard-Scriba.bmp\"><img loading=\"lazy\" decoding=\"async\" class=\"alignnone size-full wp-image-747\" src=\"https:\/\/www.scriba-schreiber.de\/wp-content\/uploads\/2017\/10\/Tabelarischer-Lebenslauf-Eduard-Scriba.bmp\" alt=\"\" width=\"960\" height=\"559\" \/><\/a><\/p>\n<p>Der damalige Schriftleiter <strong>Otto-Adolf Scriba<\/strong> (OAS) kommentiert:<\/p>\n<p><a href=\"https:\/\/www.scriba-schreiber.de\/wp-content\/uploads\/2017\/10\/Kommentar-Joggel.png\"><img loading=\"lazy\" decoding=\"async\" class=\"alignnone size-medium wp-image-749\" src=\"https:\/\/www.scriba-schreiber.de\/wp-content\/uploads\/2017\/10\/Kommentar-Joggel-300x43.png\" alt=\"\" width=\"300\" height=\"43\" srcset=\"https:\/\/www.scriba-schreiber.de\/wp-content\/uploads\/2017\/10\/Kommentar-Joggel-300x43.png 300w, https:\/\/www.scriba-schreiber.de\/wp-content\/uploads\/2017\/10\/Kommentar-Joggel-768x110.png 768w, https:\/\/www.scriba-schreiber.de\/wp-content\/uploads\/2017\/10\/Kommentar-Joggel-1024x146.png 1024w, https:\/\/www.scriba-schreiber.de\/wp-content\/uploads\/2017\/10\/Kommentar-Joggel-624x89.png 624w, https:\/\/www.scriba-schreiber.de\/wp-content\/uploads\/2017\/10\/Kommentar-Joggel.png 1484w\" sizes=\"auto, (max-width: 300px) 100vw, 300px\" \/><\/a><\/p>\n<p>&nbsp;<\/p>\n<p><a href=\"https:\/\/www.scriba-schreiber.de\/wp-content\/uploads\/2017\/10\/Bild-und-Text-Eduard-1.jpg\"><img loading=\"lazy\" decoding=\"async\" class=\"size-medium wp-image-755 alignright\" src=\"https:\/\/www.scriba-schreiber.de\/wp-content\/uploads\/2017\/10\/Bild-und-Text-Eduard-1-188x300.jpg\" alt=\"\" width=\"188\" height=\"300\" srcset=\"https:\/\/www.scriba-schreiber.de\/wp-content\/uploads\/2017\/10\/Bild-und-Text-Eduard-1-188x300.jpg 188w, https:\/\/www.scriba-schreiber.de\/wp-content\/uploads\/2017\/10\/Bild-und-Text-Eduard-1-768x1224.jpg 768w, https:\/\/www.scriba-schreiber.de\/wp-content\/uploads\/2017\/10\/Bild-und-Text-Eduard-1-643x1024.jpg 643w, https:\/\/www.scriba-schreiber.de\/wp-content\/uploads\/2017\/10\/Bild-und-Text-Eduard-1-624x994.jpg 624w, https:\/\/www.scriba-schreiber.de\/wp-content\/uploads\/2017\/10\/Bild-und-Text-Eduard-1.jpg 1467w\" sizes=\"auto, (max-width: 188px) 100vw, 188px\" \/><\/a><\/p>\n<p>Hier das gezeichnete Bild aus den Familienblatt(FB)-Ausgaben 1927, 1937 und 1984 mit einem Fehler in der Bild-Unterschrift: Eduard wurde nicht in Schwickartshausen geboren, sondern in Ulrichstein, kam aber als Student aus Schwickartshausen und wurde deshalb \u201eSchwick\u201c genannt.<\/p>\n<table>\n<tbody>\n<tr>\n<td width=\"765\"><strong>Schriftdeutung<\/strong> (FB 107\/1937, S. 6) f\u00fchrt uns ebenfalls ein freundlicher Bild von Eduard vor:<a href=\"https:\/\/www.scriba-schreiber.de\/wp-content\/uploads\/2017\/10\/Schriftdeutung-Eduard-Scriba.png\"><img loading=\"lazy\" decoding=\"async\" class=\"size-medium wp-image-751 alignright\" src=\"https:\/\/www.scriba-schreiber.de\/wp-content\/uploads\/2017\/10\/Schriftdeutung-Eduard-Scriba-300x272.png\" alt=\"\" width=\"300\" height=\"272\" srcset=\"https:\/\/www.scriba-schreiber.de\/wp-content\/uploads\/2017\/10\/Schriftdeutung-Eduard-Scriba-300x272.png 300w, https:\/\/www.scriba-schreiber.de\/wp-content\/uploads\/2017\/10\/Schriftdeutung-Eduard-Scriba-768x695.png 768w, https:\/\/www.scriba-schreiber.de\/wp-content\/uploads\/2017\/10\/Schriftdeutung-Eduard-Scriba-1024x927.png 1024w, https:\/\/www.scriba-schreiber.de\/wp-content\/uploads\/2017\/10\/Schriftdeutung-Eduard-Scriba-624x565.png 624w, https:\/\/www.scriba-schreiber.de\/wp-content\/uploads\/2017\/10\/Schriftdeutung-Eduard-Scriba.png 1698w\" sizes=\"auto, (max-width: 300px) 100vw, 300px\" \/><\/a><\/td>\n<\/tr>\n<\/tbody>\n<\/table>\n<table style=\"height: 3173px\" width=\"423\">\n<tbody>\n<tr>\n<td width=\"387\">\u00a0Unsere Verdener Vetternschaft\u201c meint meinen Vater <strong>Eberhard Bondick<\/strong>, der diesen Steckbrief-Fund im Verdener Heimatmuseum gemacht hatte. In diesem FB 224 wird zum letzten Mal f\u00fcr lange Zeit Eduard erw\u00e4hnt, obwohl OAS\u00a0 in FB 221, in dem er ausf\u00fchrlich \u00fcber den Frankfurter Wachensturm berichtet (siehe Kapitel 3.7 der Dokumentation), ank\u00fcndigte, mehr dar\u00fcber berichten zu wollen. Was dann aber nicht geschah.<\/p>\n<p>Wer war Eduard Scriba? Hier drei unterschiedliche Charakterisierungen:<\/p>\n<p>Der Denunziant Conrad Kuhl: <strong>\u00a0Eduard Scriba &#8211; ein<\/strong> <strong>\u201eh\u00f6chst verwegener und gef\u00e4hrlicher Mensch\u201c <\/strong>\u2013 festgehalten im \u201eVortrag in Untersuchungs-Sachen wider die Theilnehmer an revolution\u00e4ren Umtrieben in der Provinz Oberhessen\u201c von Martin Sch\u00e4ffer (Untersuchungsberichte, S. 257-346, hier: S. 319. Gie\u00dfen, Ende Dezember 1837, revidiert 1838. \u2013 Johann Konrad Kuhl (1794\u20131855), Landwirt in Butzbach war der Denunziant, der den Frankfurter Wachensturm verriet, sp\u00e4ter auch Georg B\u00fcchner als Verfasser des <em>Hessischen Landboten<\/em> und die Mitglieder der \u201eGesellschaft der Menschenrechte\u201c; vgl. Georg B\u00fcchner-Portal).<\/p>\n<p>&nbsp;<\/p>\n<p>Im Findbuch Georg Fein (S. 352) ist zu lesen: <strong>Scriba war \u201ef\u00fchrendes Mitglied des Jungen Deutschland (in Lausanne), Pr\u00e4sident des 2. und 3. Komitees des Jungen Deutschland, sozialbetonter Demokrat (mit Sozialprogramm).\u201c<\/strong><\/p>\n<p>&nbsp;<\/p>\n<p>Und so sieht ihn sein Freund Hermann Wiener, der nach Eduards Tod schreibt: <strong>\u201eSchwick war einer der trefflichsten Menschen, die ich gekannt, voll wissenschaftlichen Triebs und \u00e4sthetischen Sinn(es), doch vor allem zum Freiheitsk\u00e4mpfer erlesen\u201c<\/strong> (Wieners Lebenserinnerungen, S. 363\u2013406, hier S. 391).<\/p>\n<p>31\/1908, S. 4-6, einen Beitrag \u00fcber das Stammbuch seines Gro\u00dfvaters und zitierte den Eintrag von Eduard.<\/p>\n<p>&nbsp;<\/p>\n<p><strong>\u201eFundst\u00fccke\u201c f\u00fcr eine \u201eEduard-+Ferdinand-Scriba-Ausstellung\u201c<\/strong><\/p>\n<p>Als mein Vater Eberhard Bondick sich in den 70-er\/80-er Jahren des letzten Jahrhunderts mit Eduard Scriba besch\u00e4ftigte, war er geradezu begeistert von der m\u00f6glichen Bekanntschaft Eduards mit Georg B\u00fcchner. Seine Begeisterung wirkte ansteckend auf mich.<\/p>\n<p>Im Studium hatte ich mich mit B\u00fcchner besch\u00e4ftigt. Ob mein Ururgro\u00dfonkel Eduard und Georg B\u00fcchner sich tats\u00e4chlich auch gekannt hatten?<\/p>\n<p>Sie kannten dieselben Leute: August Becker, Hermann Wiener, Friedrich Ludwig Weidig, die Zeuner-Br\u00fcder, die Braubach-Br\u00fcder, die Soldan-Br\u00fcder &#8230; \u2013 Revolution\u00e4re und Weggef\u00e4hrten von beiden.<\/p>\n<p>Eduard kannte Karl Schapper, der sp\u00e4ter ein guter Bekannter von Marx und Engels wurde. W\u00e4re Eduard Kommunist geworden, wenn er l\u00e4nger gelebt h\u00e4tte?<\/p>\n<p>Nat\u00fcrlich interessieren mich auch die historischen Vorm\u00e4rz-Ereignisse und die Rolle, die Eduard dabei gespielt hat. Wie kam er dazu, ein Revolution\u00e4r zu werden?<\/p>\n<p>Und wie hat Eduards Bruder, der zehn Jahre j\u00fcngere Ferdinand, mein Altvater, der 82 Jahre alt wurde, die revolution\u00e4ren Ereignisse erlebt und verarbeitet?<\/p>\n<p>Mein Vater Eberhard Bondick hatte \u201eFundst\u00fccke\u201c \u00fcber Eduard und Ferdinand f\u00fcr sein Archiv gesammelt, manches habe ich gefunden. Erstaunlich, wie viel da zusammengekommen ist, und wie viele Aspekte der Eduard-Geschichte beleuchtet werden k\u00f6nnen.<\/p>\n<p>F\u00fcr diese Dokumentation, die ich mir wie einen \u201eAusstellungsrundgang\u201c vorstelle, will ich das, was ich beim St\u00f6bern interessant fand, so \u201eoriginal\u201c wie m\u00f6glich zeitlich geordnet wiedergeben und in den historischen Kontext der Vorm\u00e4rz-Ereignisse stellen.<\/p>\n<p>Ich bin beim Suchen und Zusammenstellen also nach meinem Interesse vorgegangen und nach Anregungen von Professor Dr. Burghard Dedner, Marburg, der das Georg-B\u00fcchner-Portal betreut und Eduard Scriba f\u00fcr w\u00fcrdig befand, darin aufgenommen zu werden, und von Dr. Andreas Volkmer, der in Marburg promovierte und mir wertvolle Literatur- und Quellenhinweise gab. Die Schriftleiterin des Familienbundes Karin Scriba hat mich tatkr\u00e4ftig unterst\u00fctzt. Das Staatsarchiv Darmstadt stellte mir aus dem dort hinterlegten Scriba-Archiv Original-Dokumente auf DVD zur Verf\u00fcgung. Weitere digitalisierte Original-Dokumente stammen aus den schweizerischen Staatsarchiven Bern, Z\u00fcrich und Basellandschaft und aus dem nieders\u00e4chsischen Landesarchiv Wolfenb\u00fcttel (Georg-Fein-Archiv).<\/p>\n<p>Am meisten geholfen hat mir mein Mann Dr. Oskar C\u00f6ster mit seinem Interesse, seiner Ermutigung, seinen umfangreichen philosophischen, literarischen und historischen Kenntnissen und seinem Vorhaben, Eduard ein literarisches Denkmal zu setzen. Gefreut hat mich auch das Interesse meines Sohnes Till C\u00f6ster, der vielleicht einmal Episoden aus dem Leben der Scriba-Br\u00fcder in einem Film gestalten wird.<\/p>\n<p>Manche Dokumente sind im Text und in den Fu\u00dfnoten sehr umfangreich \u00fcbernommen. Au\u00dferdem gibt es \u2013 durch meine Arbeitsweise bedingt \u2013 inhaltliche Doppelungen, Wiederholungen, \u00c4hnlichkeiten \u2013 ja, sogar auch Widerspr\u00fcchliches. Das liegt daran, dass ich die Menge und Vielfalt der Fundst\u00fccke den \u201eAusstellungsbesuchern\u201c zur Verf\u00fcgung stelle, sie mit ihnen teilen m\u00f6chte. Sie m\u00fcssen entscheiden, was sie interessiert, wo sie verweilen wollen, und wo sie etwas \u00fcberspringen. Sie m\u00fcssen ihre eigenen Schl\u00fcsse ziehen und die Ausstellungsst\u00fccke bewerten!<\/p>\n<p>Personen und historische Ereignisse werden vorgestellt, wenn sie im Leben der Scriba-Br\u00fcder auftauchen und wichtig werden \u2013 entweder in eigenen Kapiteln oder in Fu\u00dfnoten.<\/p>\n<p>In Kapitel 9 wird die N\u00e4he zu Georg B\u00fcchner ausf\u00fchrlich betrachtet, und in Kapitel 10 lade ich ein zum \u201eNach-Denken\u201c.<\/p>\n<p>L\u00e4ngere Texte, die die Br\u00fcder selbst verfasst haben, und biographische Texte sind unter \u201eEduard und Ferdinand Scriba in Biographien und Selbstzeugnissen\u201c zusammengestellt und als eine eigene Abteilung zu lesen, wenn man das Buch umdreht. Man kann auch dort mit dem Lesen beginnen, wenn man sich einen unmittelbaren Eindruck aus den Selbstzeugnissen verschaffen will.<\/p>\n<p>&nbsp;<\/p>\n<p>So weit aus der Dokumentation. Wer nun Lust bekommen hat auf den \u201eAusstellungsrundgang\u201c (Dokumentation, Biographisches, Selbstzeugnisse) kann \u00fcber den \u201eShop\u201c bestellen.<\/p>\n<p>&nbsp;<\/p>\n<p>Hamburg, Oktober 2017,\u00a0 Regine C\u00f6ster-Bondick<\/td>\n<\/tr>\n<\/tbody>\n<\/table>\n<\/td>\n<td width=\"85\"><\/td>\n<\/tr>\n<\/tbody>\n<\/table>\n<p><a href=\"https:\/\/www.scriba-schreiber.de\/wp-content\/uploads\/2017\/10\/1-Eduard-Scriba-TitelInhalt-Dokumentation.docx\">1 Eduard Scriba Titel+Inhalt Dokumentation<\/a><\/p>","protected":false},"excerpt":{"rendered":"<p>&nbsp; Ausstellung von Fundst\u00fccken\u00a0 \u00a0 \u00a0 \u00a0 \u00a0 zu Eduard und Ferdinand Scriba (D-Linie) &nbsp; \u00dcber Eduard Scriba, 1808 geboren, leider schon 1837 in Liverpool an Blattern gestorben, und seinen 10 Jahre j\u00fcngeren Bruder Ferdinand Scriba (D-Linie), gibt es jetzt eine Dokumentation: Ausstellung von Fundst\u00fccken A (199 Seiten), kombiniert mit biographischen Texten und Selbstzeugnissen: Ausstellung [&hellip;]<\/p>\n","protected":false},"author":4,"featured_media":0,"comment_status":"closed","ping_status":"closed","sticky":false,"template":"","format":"standard","meta":{"footnotes":""},"categories":[1],"tags":[],"class_list":["post-744","post","type-post","status-publish","format-standard","hentry","category-allgemein"],"_links":{"self":[{"href":"https:\/\/www.scriba-schreiber.de\/index.php?rest_route=\/wp\/v2\/posts\/744","targetHints":{"allow":["GET"]}}],"collection":[{"href":"https:\/\/www.scriba-schreiber.de\/index.php?rest_route=\/wp\/v2\/posts"}],"about":[{"href":"https:\/\/www.scriba-schreiber.de\/index.php?rest_route=\/wp\/v2\/types\/post"}],"author":[{"embeddable":true,"href":"https:\/\/www.scriba-schreiber.de\/index.php?rest_route=\/wp\/v2\/users\/4"}],"replies":[{"embeddable":true,"href":"https:\/\/www.scriba-schreiber.de\/index.php?rest_route=%2Fwp%2Fv2%2Fcomments&post=744"}],"version-history":[{"count":14,"href":"https:\/\/www.scriba-schreiber.de\/index.php?rest_route=\/wp\/v2\/posts\/744\/revisions"}],"predecessor-version":[{"id":773,"href":"https:\/\/www.scriba-schreiber.de\/index.php?rest_route=\/wp\/v2\/posts\/744\/revisions\/773"}],"wp:attachment":[{"href":"https:\/\/www.scriba-schreiber.de\/index.php?rest_route=%2Fwp%2Fv2%2Fmedia&parent=744"}],"wp:term":[{"taxonomy":"category","embeddable":true,"href":"https:\/\/www.scriba-schreiber.de\/index.php?rest_route=%2Fwp%2Fv2%2Fcategories&post=744"},{"taxonomy":"post_tag","embeddable":true,"href":"https:\/\/www.scriba-schreiber.de\/index.php?rest_route=%2Fwp%2Fv2%2Ftags&post=744"}],"curies":[{"name":"wp","href":"https:\/\/api.w.org\/{rel}","templated":true}]}}